{"id":33462,"date":"2026-09-01T16:40:06","date_gmt":"2026-09-01T15:40:06","guid":{"rendered":"https:\/\/alo.land\/photo-hoje-e-1-de-setembro-e-para-muita-gente-ja-cheira-a-outono\/"},"modified":"2026-09-01T16:40:06","modified_gmt":"2026-09-01T15:40:06","slug":"photo-hoje-e-1-de-setembro-e-para-muita-gente-ja-cheira-a-outono","status":"publish","type":"post","link":"https:\/\/alo.land\/pt\/photo-hoje-e-1-de-setembro-e-para-muita-gente-ja-cheira-a-outono\/","title":{"rendered":"Hoje \u00e9 1 de setembro e para muita gente j\u00e1 \u201ccheira a outono\u201d."},"content":{"rendered":"<figure class=\"wp-block-image\"><img loading=\"lazy\" decoding=\"async\" width=\"1080\" height=\"1350\" src=\"https:\/\/alo.land\/wp-content\/uploads\/sites\/13\/2026\/09\/instagram_image-1.jpg\" alt=\"\" class=\"wp-image-33461\" srcset=\"https:\/\/alo.land\/wp-content\/uploads\/sites\/13\/2026\/09\/instagram_image-1.jpg 1080w, https:\/\/alo.land\/wp-content\/uploads\/sites\/13\/2026\/09\/instagram_image-1-980x1225.jpg 980w, https:\/\/alo.land\/wp-content\/uploads\/sites\/13\/2026\/09\/instagram_image-1-480x600.jpg 480w\" sizes=\"(min-width: 0px) and (max-width: 480px) 480px, (min-width: 481px) and (max-width: 980px) 980px, (min-width: 981px) 1080px, 100vw\" \/><\/figure><p class=\"wp-block-paragraph\">Hoje \u00e9 1 de setembro e para muita gente j\u00e1 \u201ccheira a outono\u201d.<\/p><p class=\"wp-block-paragraph\">Mas ser\u00e1 que o outono come\u00e7a mesmo hoje?<\/p><p class=\"wp-block-paragraph\">Nas nossas Tardes Montessori, perguntas simples como esta abrem portas para explorar o mundo: o movimento da Terra, as esta\u00e7\u00f5es do ano, os ciclos da natureza, a observa\u00e7\u00e3o, a linguagem, a ci\u00eancia e a imagina\u00e7\u00e3o.<\/p><p class=\"wp-block-paragraph\">A partir de 21 de setembro, come\u00e7amos um novo ciclo de tardes para crian\u00e7as dos 6 aos 12 anos, em Salir do Porto.<\/p><p class=\"wp-block-paragraph\">Um espa\u00e7o preparado para aprender com curiosidade, autonomia e liga\u00e7\u00e3o \u00e0 natureza.<\/p><p class=\"wp-block-paragraph\">-  Tardes Montessori<\/p><p class=\"wp-block-paragraph\">-  Salir do Porto<\/p><p class=\"wp-block-paragraph\">-  Crian\u00e7as dos 6 aos 12 anos<\/p><p class=\"wp-block-paragraph\">-  In\u00edcio: 21 de setembro<\/p><p class=\"wp-block-paragraph\">Envia mensagem para saber mais ou reservar lugar.<\/p>","protected":false},"excerpt":{"rendered":"<p>Hoje \u00e9 1 de setembro e para muita gente j\u00e1 \u201ccheira a outono\u201d. Mas ser\u00e1 que o outono come\u00e7a mesmo hoje? Nas nossas Tardes Montessori, perguntas simples como esta abrem portas para explorar o mundo: o movimento da Terra, as esta\u00e7\u00f5es do ano, os ciclos da natureza, a observa\u00e7\u00e3o, a linguagem, a ci\u00eancia e a [&hellip;]<\/p>\n","protected":false},"author":28,"featured_media":33461,"comment_status":"","ping_status":"","sticky":false,"template":"","format":"standard","meta":{"wpai_generated_summary":"","wpai_meta_description":"","footnotes":""},"categories":[1187],"tags":[],"class_list":["post-33462","post","type-post","status-publish","format-standard","has-post-thumbnail","hentry","category-pb"],"_links":{"self":[{"href":"https:\/\/alo.land\/pt\/wp-json\/wp\/v2\/posts\/33462","targetHints":{"allow":["GET"]}}],"collection":[{"href":"https:\/\/alo.land\/pt\/wp-json\/wp\/v2\/posts"}],"about":[{"href":"https:\/\/alo.land\/pt\/wp-json\/wp\/v2\/types\/post"}],"author":[{"embeddable":true,"href":"https:\/\/alo.land\/pt\/wp-json\/wp\/v2\/users\/28"}],"replies":[{"embeddable":true,"href":"https:\/\/alo.land\/pt\/wp-json\/wp\/v2\/comments?post=33462"}],"version-history":[{"count":0,"href":"https:\/\/alo.land\/pt\/wp-json\/wp\/v2\/posts\/33462\/revisions"}],"wp:featuredmedia":[{"embeddable":true,"href":"https:\/\/alo.land\/pt\/wp-json\/wp\/v2\/media\/33461"}],"wp:attachment":[{"href":"https:\/\/alo.land\/pt\/wp-json\/wp\/v2\/media?parent=33462"}],"wp:term":[{"taxonomy":"category","embeddable":true,"href":"https:\/\/alo.land\/pt\/wp-json\/wp\/v2\/categories?post=33462"},{"taxonomy":"post_tag","embeddable":true,"href":"https:\/\/alo.land\/pt\/wp-json\/wp\/v2\/tags?post=33462"}],"curies":[{"name":"wp","href":"https:\/\/api.w.org\/{rel}","templated":true}]}}