{"id":32810,"date":"2025-06-16T10:56:59","date_gmt":"2025-06-16T09:56:59","guid":{"rendered":"https:\/\/alo.land\/?p=32810"},"modified":"2026-04-13T18:16:54","modified_gmt":"2026-04-13T17:16:54","slug":"%f0%9f%8c%9e-ultimate-summer-camp-guide-2025-caldas-da-rainha-region","status":"publish","type":"post","link":"https:\/\/alo.land\/pt\/%f0%9f%8c%9e-ultimate-summer-camp-guide-2025-caldas-da-rainha-region\/","title":{"rendered":"\ud83c\udf1e Guia Definitivo de Campos de Ver\u00e3o 2025 | Caldas da Rainha &amp; Regi\u00e3o"},"content":{"rendered":"\n<div class=\"et_pb_section_0 et_pb_section et_section_regular et_block_section\"><div class=\"et_pb_row_0 et_pb_row et_block_row\"><div class=\"et_pb_column_0 et_pb_column et_pb_column_4_4 et-last-child et_block_column et_pb_css_mix_blend_mode_passthrough\"><div class=\"et_pb_post_title_0 et_pb_post_title et_pb_bg_layout_light et_pb_module et_block_module\"><div class=\"et_pb_title_container\"><h1 class=\"entry-title\">\ud83c\udf1e Ultimate Summer Camp Guide 2025 | Caldas da Rainha &amp; Region<\/h1><\/div><\/div><\/div><\/div><div class=\"et_pb_row_1 et_pb_row et_block_row\"><div class=\"et_pb_column_1 et_pb_column et_pb_column_1_2 et_block_column et_pb_css_mix_blend_mode_passthrough\"><div class=\"et_pb_heading_0 et_pb_heading et_pb_module et_block_module\"><div class=\"et_pb_heading_container\"><h1 class=\"et_pb_module_header\">Struggling to find the perfect summer activities for your kids? We've done the research for you!<\/h1><\/div><\/div><div class=\"et_pb_text_0 et_pb_text et_pb_bg_layout_light et_pb_module et_block_module\"><div class=\"et_pb_text_inner\"><p class=\"whitespace-normal break-words\">Here's your complete guide to <strong>21 amazing summer camps<\/strong> in our region - from forest schools to science labs, sports camps to creative workshops. Something magical for every child aged 3-18! \u2728<\/p>\n<\/div><\/div><\/div><div class=\"et_pb_column_2 et_pb_column et_pb_column_1_2 et-last-child et_block_column et_pb_css_mix_blend_mode_passthrough\"><div class=\"et_pb_image_0 et_pb_image et_pb_module et_block_module\"><span class=\"et_pb_image_wrap\"><img loading=\"lazy\" decoding=\"async\" src=\"https:\/\/alo.land\/wp-content\/uploads\/sites\/13\/2025\/06\/Beach.jpg\" width=\"816\" height=\"614\" srcset=\"https:\/\/alo.land\/wp-content\/uploads\/sites\/13\/2025\/06\/Beach.jpg 816w, https:\/\/alo.land\/wp-content\/uploads\/sites\/13\/2025\/06\/Beach-480x361.jpg 480w\" sizes=\"(min-width: 0px) and (max-width: 480px) 480px, (min-width: 481px) 816px, 100vw\" class=\"wp-image-32813\" title=\"Beach\" alt=\"20 Centros Ci\u00eancia Viva em Portugal Continental E A\u00e7ores\" \/><\/span><\/div><\/div><\/div><div class=\"et_pb_row_2 et_pb_row et_block_row\"><div class=\"et_pb_column_3 et_pb_column et_pb_column_4_4 et-last-child et_block_column et_pb_css_mix_blend_mode_passthrough\"><div class=\"et_pb_text_1 et_pb_text et_pb_bg_layout_light et_pb_module et_block_module\"><div class=\"et_pb_text_inner\"><h2 class=\"text-xl font-bold text-text-100 mt-1 -mb-0.5\" level=\"2\">\ud83c\udfde\ufe0f <strong>NATURE &amp; FOREST SCHOOLS<\/strong><\/h2>\n<p class=\"whitespace-normal break-words\"><em>Perfect for little adventurers who thrive outdoors<\/em><\/p>\n<p class=\"whitespace-normal break-words\">\ud83c\udf32 <strong>Toca dos L\u00e1paros<\/strong> (Gaeiras)<br \/><em>Waldorf-inspired forest school<\/em><br \/>\ud83d\udcc5 July 7-31 | \ud83d\udc76 Ages 3+ | \ud83d\udcde Joana: 914 238 574<\/p>\n<p class=\"whitespace-normal break-words\">\ud83c\udf33 <strong>Bosque dos Pica Paus<\/strong> (Alcoba\u00e7a)<br \/><em>Pure forest school experience<\/em><br \/>\ud83d\udc76 Ages 3-10 | \ud83c\udf10 <a class=\"underline\" href=\"https:\/\/obosquedospicapaus.pt\/\">obosquedospicapaus.pt<\/a> | \ud83d\udcde Margarida: 917 005 737<\/p>\n<p class=\"whitespace-normal break-words\">\ud83c\udf3f <strong>Biogleba \/ Hello Nature<\/strong> (Caldas)<br \/><em>Forest school for all ages, including babies<\/em><br \/>\ud83d\udc76 Babies+ | \ud83c\udf10 <a class=\"underline\" href=\"https:\/\/www.biogleba.pt\/\">biogleba.pt<\/a> | \u2709\ufe0f <a class=\"underline\" href=\"mailto:biogleba.ong@gmail.com\">biogleba.ong@gmail.com<\/a><\/p>\n<p class=\"whitespace-normal break-words\">\ud83e\udd85 <strong>PATO Nature Reserve<\/strong> (Tornada)<br \/><em>Incredible nature education experience<\/em><br \/>\ud83d\udc76 Ages 6-12 | \ud83c\udf10 <a class=\"underline\" href=\"https:\/\/www.associacao-pato.org\/paul-de-tornada.html\">Learn more<\/a> | \ud83d\udcde 934 898 707<\/p>\n<p class=\"whitespace-normal break-words\">\ud83c\udf31 <strong>Sop\u00e9<\/strong> (Benedita)<br \/><em>Outdoor forest school for all ages<\/em><br \/>\ud83d\udc76 Babies+ | \ud83d\udcf1 <a class=\"underline\" href=\"https:\/\/www.instagram.com\/sope.arlivre\">@sope.arlivre<\/a> | \ud83d\udcde 960 270 865<\/p>\n<p class=\"whitespace-normal break-words\">\ud83c\udfe1 <strong>Quinta de Salir<\/strong> (Salir do Porto) \u2b50 <em>LOCAL FAVORITE<\/em><br \/><em>Nature activities right in our backyard<\/em><br \/>\ud83d\udcc5 June 30-Aug 22 | \ud83d\udc76 Ages 5-18 | \ud83d\udcb0 \u20ac195-245\/week | \ud83c\udf10 <a class=\"underline\" href=\"https:\/\/www.aquintadesalir.com\/\">aquintadesalir.com<\/a><\/p>\n<hr \/>\n<h2 class=\"text-xl font-bold text-text-100 mt-1 -mb-0.5\" level=\"2\">\ud83d\udd2c <strong>SCIENCE &amp; DISCOVERY<\/strong><\/h2>\n<p class=\"whitespace-normal break-words\"><em>For curious minds who love to explore and experiment<\/em><\/p>\n<p class=\"whitespace-normal break-words\">\ud83e\uddea <strong>Inventors<\/strong> (Caldas da Rainha)<br \/><em>STEM-focused learning<\/em><br \/>\ud83d\udc76 Ages 6-12 | \ud83c\udf10 <a class=\"underline\" href=\"https:\/\/theinventors.io\/en\/campos-de-ferias\/\">theinventors.io<\/a> | \ud83d\udcde 916 805 246<\/p>\n<p class=\"whitespace-normal break-words\">\ud83c\udf0a <strong>Water Science Camp<\/strong> (Nadadouro)<br \/><em>Learn through water experiments<\/em><br \/>\ud83d\udcc5 June 30-July 4 | \ud83d\udc76 Ages 10-12 | \ud83d\udcf1 <a class=\"underline\" href=\"https:\/\/www.facebook.com\/photo\/?fbid=10171324082275103&amp;set=pcb.4165490740329715\">Facebook Info<\/a><\/p>\n<p class=\"whitespace-normal break-words\">\ud83d\udd2d <strong>Science Museum Coimbra<\/strong> (2 programs)<br \/><em>Professional science camps<\/em><br \/>\ud83d\udc76 Ages 6-12 | \ud83c\udf10 <a class=\"underline\" href=\"https:\/\/www.exploratorio.pt\/atividades-1\/a-ci%C3%AAncia-n%C3%A3o-vai-de-f%C3%A9rias\">Program 1<\/a><br \/>\ud83d\udc76 Ages 10-15 | \ud83c\udf10 <a class=\"underline\" href=\"https:\/\/www.exploratorio.pt\/atividades-1\/f%C3%A9rias-%2B\">Program 2<\/a><\/p>\n<p class=\"whitespace-normal break-words\">\ud83d\udc20 <strong>Lisbon Oceanarium<\/strong><br \/><em>Marine science adventures<\/em><br \/>\ud83d\udcc5 June 30-Sep 12 | \ud83d\udc76 Ages 4-12 | \ud83c\udf10 <a class=\"underline\" href=\"https:\/\/oceanario.pt\/programas\/campo-de-ferias\/\">oceanario.pt<\/a><\/p>\n<p class=\"whitespace-normal break-words\">\ud83e\uddec <strong>Pavilh\u00e3o do Conhecimento<\/strong> (Lisbon)<br \/><em>Interactive science experiences<\/em><br \/>\ud83d\udc76 Ages 5-10<\/p>\n<hr \/>\n<h2 class=\"text-xl font-bold text-text-100 mt-1 -mb-0.5\" level=\"2\">\ud83c\udfc3\u200d\u2642\ufe0f <strong>SPORTS &amp; ACTIVE FUN<\/strong><\/h2>\n<p class=\"whitespace-normal break-words\"><em>Get moving with these action-packed adventures<\/em><\/p>\n<p class=\"whitespace-normal break-words\">\u26bd <strong>Multi-Actividades Pimp\u00f5es<\/strong> (Caldas) \ud83c\udfc6 <em>HIGHLY SOCIAL<\/em><br \/><em>Physical activities &amp; teamwork<\/em><br \/>\ud83d\udcc5 June 30-Sep 5 | \ud83d\udc76 Ages 6-14 | \ud83c\udf10 <a class=\"underline\" href=\"https:\/\/pimpoes.pt\/\">pimpoes.pt<\/a> | \ud83d\udcde 262 877 740<\/p>\n<p class=\"whitespace-normal break-words\">\ud83c\udfca\u200d\u2642\ufe0f <strong>Nadar Multi Sports<\/strong> (Caldas) \ud83c\udf7d\ufe0f <em>LUNCH INCLUDED<\/em><br \/><em>Sports variety + exciting excursions<\/em><br \/>\ud83d\udcc5 June 30-Sep 12 | \ud83d\udc76 Ages 6-15 | \ud83d\udcb0 \u20ac114\/week | \u2709\ufe0f <a class=\"underline\" href=\"mailto:Nadar.cr@gmail.com\">Nadar.cr@gmail.com<\/a><br \/>\ud83d\udcf1 <a class=\"underline\" href=\"https:\/\/www.facebook.com\/NADAR.CR\/posts\/pfbid05RMCf7e9sVzcw92VAJrrTn8aoP5TEDLMpC9Kq6sMBuvP53XQjNBiqmtkQ2gicYu4l\">Facebook Details<\/a><\/p>\n<p class=\"whitespace-normal break-words\">\ud83c\udfc0 <strong>NBA Basketball School<\/strong> (Various locations)<br \/><em>Professional basketball training<\/em><br \/>\ud83d\udcc5 July 2-Aug 7 | \ud83d\udc76 Ages 8-18 | \ud83c\udf10 <a class=\"underline\" href=\"https:\/\/www.nbabasketballschool.pt\/pt\/programs-camps\">nbabasketballschool.pt<\/a><\/p>\n<p class=\"whitespace-normal break-words\">\ud83c\udff8 <strong>Badminton Multi-Sports<\/strong> (Caldas)<br \/><em>9am-6pm comprehensive sports program<\/em><br \/>\ud83d\udc76 Ages 6-16 | \ud83d\udcb0 \u20ac120\/week | \u2709\ufe0f <a class=\"underline\" href=\"mailto:car.atividades@fpbadminton.pt\">car.atividades@fpbadminton.pt<\/a><\/p>\n<p class=\"whitespace-normal break-words\">\ud83c\udfca\u200d\u2640\ufe0f <strong>Multi Sports &amp; Games<\/strong> (\u00d3bidos) \ud83c\udf7d\ufe0f <em>POOL + LUNCH<\/em><br \/><em>Pool activities with full lunch<\/em><br \/>\ud83d\udcc5 June 30-July 11 | \ud83d\udc76 Ages 12-18 | \ud83c\udf10 <a class=\"underline\" href=\"https:\/\/www.cm-obidos.pt\/viver\/desporto-saude-e-bem-estar\/desporto-intro\/agenda-desportiva\/evento\/ferias-ativas-crescer-melhor\">More Info<\/a><\/p>\n<hr \/>\n<h2 class=\"text-xl font-bold text-text-100 mt-1 -mb-0.5\" level=\"2\">\ud83c\udfa8 <strong>CREATIVE &amp; CULTURAL<\/strong><\/h2>\n<p class=\"whitespace-normal break-words\"><em>For artistic souls and cultural explorers<\/em><\/p>\n<p class=\"whitespace-normal break-words\">\ud83c\udffa <strong>Ceramics Studio<\/strong> (Caldas)<br \/><em>Fine motor skills + artistic expression<\/em><br \/>\ud83d\udc76 Ages 6+ | \ud83c\udf10 <a class=\"underline\" href=\"http:\/\/www.marianasampaiostudio.com\">marianasampaiostudio.com<\/a> | \ud83d\udcde 912 977 470<\/p>\n<p class=\"whitespace-normal break-words\">\ud83c\udfad <strong>Play Kids<\/strong> (Caldas)<br \/><em>Indoor creative activities<\/em><br \/>\ud83d\udcf1 <a class=\"underline\" href=\"https:\/\/www.facebook.com\/p\/Play-Kids-Rainha-Pt-61552411196821\/?locale=pt_PT\">Facebook Page<\/a> | \ud83d\udcde 937 608 823<\/p>\n<p class=\"whitespace-normal break-words\">\ud83c\udfaa <strong>F\u00e9rias de Ver\u00e3o \u00d3bidos<\/strong><br \/><em>Cultural activities in historic \u00d3bidos<\/em><br \/>\ud83d\udc76 Ages 3-15 | \ud83c\udf10 <a class=\"underline\" href=\"https:\/\/www.cm-obidos.pt\/viver\/desporto-saude-e-bem-estar\/desporto-intro\/agenda-desportiva\/evento\/ferias-de-verao-crescer-melhor-93\">Learn More<\/a><\/p>\n<hr \/>\n<h2 class=\"text-xl font-bold text-text-100 mt-1 -mb-0.5\" level=\"2\">\ud83d\udca1 <strong>QUICK DECISION GUIDE<\/strong><\/h2>\n<p class=\"whitespace-normal break-words\"><strong>\ud83c\udf3f Your child loves being outdoors?<\/strong> \u2192 Forest schools (Quinta de Salir, Toca dos L\u00e1paros, Bosque dos Pica Paus, PATO)<\/p>\n<p class=\"whitespace-normal break-words\"><strong>\ud83d\udd2c Curious about how things work?<\/strong> \u2192 Science camps (Inventors, Oceanarium, Science Museum)<\/p>\n<p class=\"whitespace-normal break-words\"><strong>\u26bd Super active and social?<\/strong> \u2192 Sports camps (Pimp\u00f5es, Nadar, Basketball)<\/p>\n<p class=\"whitespace-normal break-words\"><strong>\ud83c\udfa8 Creative and artistic?<\/strong> \u2192 Creative workshops (Ceramics, Play Kids)<\/p>\n<p class=\"whitespace-normal break-words\"><strong>\ud83d\udcb0 Budget-conscious?<\/strong> \u2192 Nadar (\u20ac114\/week with lunch), Badminton (\u20ac120\/week)<\/p>\n<hr \/>\n<h2 class=\"text-xl font-bold text-text-100 mt-1 -mb-0.5\" level=\"2\">\ud83e\udd1d <strong>COMMUNITY POWER<\/strong><\/h2>\n<p class=\"whitespace-normal break-words\"><strong>\ud83d\udc65 Parents' Reviews Needed!<\/strong> Have you tried any of these camps? Drop your honest review below - it helps other families choose!<\/p>\n<p class=\"whitespace-normal break-words\"><strong>\u2795 Know other great camps?<\/strong> Help us make this list even better by sharing your discoveries.<\/p>\n<p class=\"whitespace-normal break-words\"><strong>\ud83d\udcc5 Planning playdates?<\/strong> Connect with other families whose kids are attending the same camps!<\/p>\n<hr \/>\n<h2 class=\"text-xl font-bold text-text-100 mt-1 -mb-0.5\" level=\"2\">\ud83d\udcde <strong>NEXT STEPS<\/strong><\/h2>\n<ol class=\"[&amp;:not(:last-child)_ul]:pb-1 [&amp;:not(:last-child)_ol]:pb-1 list-decimal space-y-1.5 pl-7\" depth=\"0\">\n<li class=\"whitespace-normal break-words\" index=\"0\"><strong>Save this post<\/strong> for easy reference<\/li>\n<li class=\"whitespace-normal break-words\" index=\"1\"><strong>Click the links<\/strong> to get full details and register<\/li>\n<li class=\"whitespace-normal break-words\" index=\"2\"><strong>Call\/email directly<\/strong> - most camps fill up fast!<\/li>\n<li class=\"whitespace-normal break-words\" index=\"3\"><strong>Share with friends<\/strong> who are also planning summer activities<\/li>\n<\/ol>\n<hr \/>\n<p class=\"whitespace-normal break-words\"><strong>\ud83d\udccd Serving families in:<\/strong> Caldas da Rainha, \u00d3bidos, Salir do Porto, Alcoba\u00e7a, Leiria, and surrounding areas<\/p>\n<p class=\"whitespace-normal break-words\"><em>Building stronger communities, one summer adventure at a time<\/em> \ud83d\udc9a<\/p>\n<hr \/>\n<p class=\"whitespace-normal break-words\"><strong>\ud83d\udd04 SHARE THIS POST<\/strong> to help other families discover these amazing opportunities!<\/p>\n<div>\n<div class=\"grid-cols-1 grid gap-2.5 [&amp;_&gt;_*]:min-w-0 !gap-3.5\"><\/div>\n<\/div>\n<\/div><\/div><\/div><\/div><div class=\"et_pb_row_3 et_pb_row et_block_row\"><div class=\"et_pb_column_4 et_pb_column et_pb_column_4_4 et-last-child et_block_column et_pb_css_mix_blend_mode_passthrough\"><div class=\"et_pb_text_2 et_pb_text et_pb_bg_layout_light et_pb_module et_block_module\"><div class=\"et_pb_text_inner\"><div>\n<div class=\"grid-cols-1 grid gap-2.5 [&amp;_&gt;_*]:min-w-0 !gap-3.5\">\n<p class=\"whitespace-normal break-words\">#SummerCamps2025 #CaldasDaRainha #Obidos #Leiria #Portugal #FamilyLife #KidsActivities #CommunityGuide #NatureSchool #STEM #SportsForKids<\/p>\n<\/div>\n<\/div>\n<div class=\"h-8\"><\/div>\n<\/div><\/div><\/div><\/div><\/div>\n","protected":false},"excerpt":{"rendered":"","protected":false},"author":2,"featured_media":0,"comment_status":"closed","ping_status":"closed","sticky":false,"template":"","format":"standard","meta":{"footnotes":""},"categories":[1253],"tags":[1222,537,1292,1293,424],"class_list":["post-32810","post","type-post","status-publish","format-standard","hentry","category-family","tag-family","tag-familyfun","tag-summer","tag-summercamp","tag-summertreat"],"_links":{"self":[{"href":"https:\/\/alo.land\/pt\/wp-json\/wp\/v2\/posts\/32810","targetHints":{"allow":["GET"]}}],"collection":[{"href":"https:\/\/alo.land\/pt\/wp-json\/wp\/v2\/posts"}],"about":[{"href":"https:\/\/alo.land\/pt\/wp-json\/wp\/v2\/types\/post"}],"author":[{"embeddable":true,"href":"https:\/\/alo.land\/pt\/wp-json\/wp\/v2\/users\/2"}],"replies":[{"embeddable":true,"href":"https:\/\/alo.land\/pt\/wp-json\/wp\/v2\/comments?post=32810"}],"version-history":[{"count":8,"href":"https:\/\/alo.land\/pt\/wp-json\/wp\/v2\/posts\/32810\/revisions"}],"predecessor-version":[{"id":33077,"href":"https:\/\/alo.land\/pt\/wp-json\/wp\/v2\/posts\/32810\/revisions\/33077"}],"wp:attachment":[{"href":"https:\/\/alo.land\/pt\/wp-json\/wp\/v2\/media?parent=32810"}],"wp:term":[{"taxonomy":"category","embeddable":true,"href":"https:\/\/alo.land\/pt\/wp-json\/wp\/v2\/categories?post=32810"},{"taxonomy":"post_tag","embeddable":true,"href":"https:\/\/alo.land\/pt\/wp-json\/wp\/v2\/tags?post=32810"}],"curies":[{"name":"wp","href":"https:\/\/api.w.org\/{rel}","templated":true}]}}